{"id":1315,"date":"2022-03-23T12:32:42","date_gmt":"2022-03-23T11:32:42","guid":{"rendered":"https:\/\/www.aeiperego.it\/campanile-di-giotto-firenze-duomo-rotazione-campana-maggiore-a-d-2021\/"},"modified":"2022-06-18T06:03:50","modified_gmt":"2022-06-18T04:03:50","slug":"giottos-bell-tower-florence-the-rotation-of-the-major-bell-called-campanone-a-d-2021","status":"publish","type":"post","link":"https:\/\/www.aeiperego.it\/en\/giottos-bell-tower-florence-the-rotation-of-the-major-bell-called-campanone-a-d-2021\/","title":{"rendered":"GIOTTO\u2019S BELL TOWER \u2013 FLORENCE The rotation of the Major Bell called \u201cCampanone\u201d \u2013 A.D. 2021"},"content":{"rendered":"<p>[et_pb_section fb_built=&#8221;1&#8243; _builder_version=&#8221;3.22&#8243; custom_padding=&#8221;0px|||||&#8221; global_colors_info=&#8221;{}&#8221;][et_pb_row column_structure=&#8221;1_2,1_2&#8243; _builder_version=&#8221;4.14.8&#8243; _module_preset=&#8221;default&#8221; global_colors_info=&#8221;{}&#8221;][et_pb_column type=&#8221;1_2&#8243; _builder_version=&#8221;4.14.8&#8243; _module_preset=&#8221;default&#8221; global_colors_info=&#8221;{}&#8221;][et_pb_post_title meta=&#8221;off&#8221; featured_image=&#8221;off&#8221; _builder_version=&#8221;4.14.9&#8243; _module_preset=&#8221;default&#8221; title_font=&#8221;|700|||||||&#8221; title_text_color=&#8221;#e52e22&#8243; hover_enabled=&#8221;0&#8243; global_colors_info=&#8221;{}&#8221; sticky_enabled=&#8221;0&#8243;][\/et_pb_post_title][et_pb_text _builder_version=&#8221;4.14.9&#8243; background_size=&#8221;initial&#8221; background_position=&#8221;top_left&#8221; background_repeat=&#8221;repeat&#8221; hover_enabled=&#8221;0&#8243; global_colors_info=&#8221;{}&#8221; sticky_enabled=&#8221;0&#8243;]<\/p>\n<p>The bells of Giotto&#8217;s bell tower in Florence will not ring from 8 to 26 November 2021 to allow the rotation of the Major Bell known as Santa Reparata or Campanone, built in 1475 in honour of the saint after whom the ancient Florentine Cathedral was named. It is one of the largest active bells in Italy today, with extraordinary measures: a diameter of 2 meters and a height of 210 cm, with a thickness of 15 cm for over 5 tons of weight. It was recast in 1705, after cracks had formed.<\/p>\n<p><b>The maintenance intervention<\/b>, commissioned and technically coordinated by the Opera di Santa Maria del Fiore, <b>will be performed by one of the Italian companies with greater experience in this sector, A.E.I. DI PEREGO C. &amp; C., the company is based in the province of Milan in Pozzuolo Martesana.<\/b> It will be a complex but almost invisible intervention, because it was carried out inside the belfry, apart from the days of 8, 9, 25 and 26 November when there will be a crane in the area in front of the bell tower and the monument will be closed to the public for allow the work of handling the bell.<\/p>\n<p>&nbsp;<\/p>\n<p>The rotation of a quarter of the Campanone was necessary because the use has thinned the thickness of the bronze in the points where the clapper strikes. &#8220;Once the wear of 10% of the thickness has been exceeded, as in this case &#8211; explains <b>Claudio Perego, owner of A.E.I.<\/b> &#8211; we must intervene because there are many chances that the bell will break \u201d. This will be the last time the Campanone can be rotated, having already been turned on the other sides. [\u2026]<\/p>\n<p>Giotto&#8217;s Bell Tower is equipped with a total of 12 bells of which 5, the oldest, are now disused but still arranged inside the monument, while the other 7, including the Campanone, of different eras and sizes, are functional and together they constitute the so-called Concerto. [\u2026]<\/p>\n<p>In addition to the Campanone, the other 6 active bells on Giotto&#8217;s Bell Tower are those of the Misericordia, built in 1670 and recast in 1830, the Apostolic, the Annunziata, the Mater Dei, the Assumption and the Immaculate Conception, the latter merged between 1956 and 1957. The bells of Giotto&#8217;s bell tower are located at a height of 65 meters from the ground, while in ancient times they were about 70.5 meters.<\/p>\n<p>Excerpt from \u201cThe bells of Giotto&#8217;s bell tower will not ring from 8 to 26 November 2021 to allow the rotation of the Major Bell called Campanone\u201d. <a href=\"https:\/\/duomo.firenze.it\/en\/home\"><span>https:\/\/duomo.firenze.it\/en\/home<\/span><\/a> Work of Santa Maria del Fiore Opera \u2013 Florence.<\/p>\n<p>[\/et_pb_text][\/et_pb_column][et_pb_column type=&#8221;1_2&#8243; _builder_version=&#8221;4.14.8&#8243; _module_preset=&#8221;default&#8221; global_colors_info=&#8221;{}&#8221;][et_pb_image src=&#8221;https:\/\/www.aeiperego.it\/wp-content\/uploads\/2022\/03\/duomo-firenze.jpg&#8221; alt=&#8221;duomo-firenze&#8221; title_text=&#8221;duomo-firenze&#8221; align=&#8221;center&#8221; force_fullwidth=&#8221;on&#8221; _builder_version=&#8221;4.14.9&#8243; _module_preset=&#8221;default&#8221; global_colors_info=&#8221;{}&#8221;][\/et_pb_image][et_pb_gallery gallery_ids=&#8221;1219,1220,1221,1222,1223,1224,1225&#8243; posts_number=&#8221;8&#8243; show_title_and_caption=&#8221;off&#8221; _builder_version=&#8221;4.14.9&#8243; _module_preset=&#8221;default&#8221; global_colors_info=&#8221;{}&#8221;][\/et_pb_gallery][\/et_pb_column][\/et_pb_row][et_pb_row _builder_version=&#8221;4.14.9&#8243; _module_preset=&#8221;default&#8221; global_colors_info=&#8221;{}&#8221;][et_pb_column type=&#8221;4_4&#8243; _builder_version=&#8221;4.14.9&#8243; _module_preset=&#8221;default&#8221; global_colors_info=&#8221;{}&#8221;][\/et_pb_column][\/et_pb_row][\/et_pb_section]<\/p>\n","protected":false},"excerpt":{"rendered":"<p>The bells of Giotto&#8217;s bell tower in Florence will not ring from 8 to 26 November 2021 to allow the rotation of the Major Bell known as Santa Reparata or Campanone, built in 1475 in honour of the saint after whom the ancient Florentine Cathedral was named. It is one of the largest active bells [&hellip;]<\/p>\n","protected":false},"author":2,"featured_media":1218,"comment_status":"closed","ping_status":"closed","sticky":false,"template":"","format":"standard","meta":{"_et_pb_use_builder":"on","_et_pb_old_content":"<p><span data-contrast=\"none\">Le campane del Campanile di Giotto a Firenze non suoneranno dall\u20198 al 26 novembre 2021 per permettere i lavori di rotazione della\u202f<\/span><i><span data-contrast=\"none\">Campana Maggiore<\/span><\/i><span data-contrast=\"none\">\u202fdetta di\u202f<\/span><i><span data-contrast=\"none\">Santa Reparata<\/span><\/i><span data-contrast=\"none\">\u202fo\u202f<\/span><i><span data-contrast=\"none\">Campanone,\u202f<\/span><\/i><span data-contrast=\"none\">realizzata nel 1475 in onore della santa a cui era intitolata l'antica Cattedrale fiorentina. Si tratta di una delle pi\u00f9 grandi campane attive oggi in Italia, dalle misure straordinarie: un diametro di 2 metri e un'altezza di 210 cm, con uno spessore di 15 cm per oltre 5 tonnellate di peso. Fu rifusa nel 1705, dopo che si erano create delle crepe.<\/span><span data-ccp-props=\"{\"201341983\":0,\"335551550\":6,\"335551620\":6,\"335559739\":200,\"335559740\":276}\">\u00a0<\/span><\/p><p><span data-contrast=\"none\">L\u2019intervento di manutenzione, commissionato e coordinato tecnicamente dall\u2019<\/span><b><span data-contrast=\"none\">Opera di Santa Maria<\/span><\/b><span data-contrast=\"none\">\u202f<\/span><b><span data-contrast=\"none\">del Fiore<\/span><\/b><span data-contrast=\"none\">, sar\u00e0 eseguito da una delle aziende italiane con maggiore esperienza in questo settore,\u202f<\/span><b><span data-contrast=\"none\">A.E.I. DI PEREGO con sede a Pozzuolo Martesana in provincia di Milano<\/span><\/b><span data-contrast=\"none\">. Sar\u00e0 un intervento complesso ma pressoch\u00e9 invisibile, perch\u00e9 svolto all'interno della cella campanaria, a parte nelle giornate dell\u20198, 9, 25 e 26 novembre quando sar\u00e0 presente una gru nell'area antistante al Campanile e il monumento sar\u00e0 chiuso al pubblico per permettere i lavori di movimentazione della campana.<\/span><span data-ccp-props=\"{\"201341983\":0,\"335551550\":6,\"335551620\":6,\"335559739\":200,\"335559740\":276}\">\u00a0<\/span><\/p><p><span data-contrast=\"none\">La rotazione di un quarto del\u202f<\/span><i><span data-contrast=\"none\">Campanone<\/span><\/i><span data-contrast=\"none\">\u202fsi \u00e8 resa necessaria perch\u00e9 l\u2019uso ha assottigliato lo spessore del bronzo nei punti dove batte il battaglio. \u201cUna volta superata l\u2019usura del 10% dello spessore, come in questo caso - spiega\u202f<\/span><b><span data-contrast=\"none\">Claudio Perego<\/span><\/b><span data-contrast=\"none\">, titolare di\u202fA.E.I.\u202f- bisogna intervenire perch\u00e9 ci sono molte probabilit\u00e0 che la campana si rompa\u201d.\u202f\u202fQuesta sar\u00e0 l'ultima volta che il\u202f<\/span><i><span data-contrast=\"none\">Campanone<\/span><\/i><span data-contrast=\"none\">\u202fpotr\u00e0 essere ruotato, essendo gi\u00e0 stato girato sugli altri lati. <\/span><span data-contrast=\"none\">[\u2026]<\/span><span data-ccp-props=\"{\"201341983\":0,\"335551550\":6,\"335551620\":6,\"335559739\":200,\"335559740\":276}\">\u00a0<\/span><\/p><p><span data-contrast=\"none\">Il Campanile di Giotto \u00e8 dotato in totale di 12 campane di cui 5, le pi\u00f9 antiche, sono oramai dismesse ma disposte ancora all'interno del monumento, mentre le altre 7, tra cui il\u202f<\/span><i><span data-contrast=\"none\">Campanone<\/span><\/i><span data-contrast=\"none\">, di epoche e misure diverse, sono funzionanti e insieme costituiscono il cosiddetto\u202f<\/span><i><span data-contrast=\"none\">Concerto<\/span><\/i><span data-contrast=\"none\">. <\/span><span data-contrast=\"none\">[\u2026]<\/span><span data-ccp-props=\"{\"201341983\":0,\"335551550\":6,\"335551620\":6,\"335559739\":200,\"335559740\":276}\">\u00a0<\/span><\/p><p><span data-contrast=\"none\">Oltre al\u202f<\/span><i><span data-contrast=\"none\">Campanone<\/span><\/i><span data-contrast=\"none\">, le altre 6 campane attive sul Campanile di Giotto sono quelle della\u202f<\/span><i><span data-contrast=\"none\">Misericordia<\/span><\/i><span data-contrast=\"none\">, realizzata nel 1670 e rifusa nel 1830, l\u2019<\/span><i><span data-contrast=\"none\">Apostolica<\/span><\/i><span data-contrast=\"none\">, l\u2019<\/span><i><span data-contrast=\"none\">Annunziata<\/span><\/i><span data-contrast=\"none\">, la\u202f<\/span><i><span data-contrast=\"none\">Mater Dei<\/span><\/i><span data-contrast=\"none\">,<\/span><i><span data-contrast=\"none\">\u202f<\/span><\/i><span data-contrast=\"none\">l\u2019<\/span><i><span data-contrast=\"none\">Assunta<\/span><\/i><span data-contrast=\"none\">\u202fe l\u2019<\/span><i><span data-contrast=\"none\">Immacolata<\/span><\/i><span data-contrast=\"none\">, quest\u2019ultime fuse tra il 1956 e il 1957. Le campane del Campanile di Giotto si trovano a un'altezza di 65 metri da terra, mentre anticamente erano a circa 70,5 metri.<\/span><span data-ccp-props=\"{\"201341983\":0,\"335551550\":6,\"335551620\":6,\"335559739\":200,\"335559740\":276}\">\u00a0<\/span><\/p><p><span data-contrast=\"none\">Estratto da \u201cLe campane del Campanile di Giotto non suoneranno dall\u20198 al 26 novembre 2021 per permettere la rotazione della Campana Maggiore detta Campanone\u201d. <\/span><a href=\"https:\/\/duomo.firenze.it\/it\/home\"><span data-contrast=\"none\">https:\/\/duomo.firenze.it\/it\/home<\/span><\/a><span data-contrast=\"none\"> . Opera di Santa Maria del Fiore. 8 novembre 2021.<\/span><span data-ccp-props=\"{\"201341983\":0,\"335551550\":6,\"335551620\":6,\"335559739\":200,\"335559740\":276}\">\u00a0<\/span><\/p><p><span data-ccp-props=\"{\"201341983\":0,\"335551550\":6,\"335551620\":6,\"335559739\":200,\"335559740\":276}\">\u00a0<\/span><\/p><p><span data-ccp-props=\"{\"201341983\":0,\"335559739\":200,\"335559740\":276}\">\u00a0<\/span><\/p>","_et_gb_content_width":"","ngg_post_thumbnail":0,"footnotes":""},"categories":[24],"tags":[],"class_list":["post-1315","post","type-post","status-publish","format-standard","has-post-thumbnail","hentry","category-news-en"],"yoast_head":"<!-- This site is optimized with the Yoast SEO plugin v19.3 - https:\/\/yoast.com\/wordpress\/plugins\/seo\/ -->\n<title>GIOTTO\u2019S BELL TOWER \u2013 FLORENCE The rotation of the Major Bell called \u201cCampanone\u201d \u2013 A.D. 2021 - AEI Perego<\/title>\n<meta name=\"robots\" content=\"index, follow, max-snippet:-1, max-image-preview:large, max-video-preview:-1\" \/>\n<link rel=\"canonical\" href=\"https:\/\/www.aeiperego.it\/en\/giottos-bell-tower-florence-the-rotation-of-the-major-bell-called-campanone-a-d-2021\/\" \/>\n<meta property=\"og:locale\" content=\"en_US\" \/>\n<meta property=\"og:type\" content=\"article\" \/>\n<meta property=\"og:title\" content=\"GIOTTO\u2019S BELL TOWER \u2013 FLORENCE The rotation of the Major Bell called \u201cCampanone\u201d \u2013 A.D. 2021 - AEI Perego\" \/>\n<meta property=\"og:description\" content=\"The bells of Giotto&#039;s bell tower in Florence will not ring from 8 to 26 November 2021 to allow the rotation of the Major Bell known as Santa Reparata or Campanone, built in 1475 in honour of the saint after whom the ancient Florentine Cathedral was named. It is one of the largest active bells [&hellip;]\" \/>\n<meta property=\"og:url\" content=\"https:\/\/www.aeiperego.it\/en\/giottos-bell-tower-florence-the-rotation-of-the-major-bell-called-campanone-a-d-2021\/\" \/>\n<meta property=\"og:site_name\" content=\"AEI Perego\" \/>\n<meta property=\"article:published_time\" content=\"2022-03-23T11:32:42+00:00\" \/>\n<meta property=\"article:modified_time\" content=\"2022-06-18T04:03:50+00:00\" \/>\n<meta property=\"og:image\" content=\"https:\/\/www.aeiperego.it\/wp-content\/uploads\/2022\/03\/duomo-firenze.jpg\" \/>\n\t<meta property=\"og:image:width\" content=\"1024\" \/>\n\t<meta property=\"og:image:height\" content=\"722\" \/>\n\t<meta property=\"og:image:type\" content=\"image\/jpeg\" \/>\n<meta name=\"author\" content=\"gestore\" \/>\n<meta name=\"twitter:card\" content=\"summary_large_image\" \/>\n<script type=\"application\/ld+json\" class=\"yoast-schema-graph\">{\"@context\":\"https:\/\/schema.org\",\"@graph\":[{\"@type\":\"WebSite\",\"@id\":\"https:\/\/www.aeiperego.it\/#website\",\"url\":\"https:\/\/www.aeiperego.it\/\",\"name\":\"AEI Perego\",\"description\":\"\",\"potentialAction\":[{\"@type\":\"SearchAction\",\"target\":{\"@type\":\"EntryPoint\",\"urlTemplate\":\"https:\/\/www.aeiperego.it\/?s={search_term_string}\"},\"query-input\":\"required name=search_term_string\"}],\"inLanguage\":\"en-US\"},{\"@type\":\"ImageObject\",\"inLanguage\":\"en-US\",\"@id\":\"https:\/\/www.aeiperego.it\/en\/giottos-bell-tower-florence-the-rotation-of-the-major-bell-called-campanone-a-d-2021\/#primaryimage\",\"url\":\"https:\/\/www.aeiperego.it\/wp-content\/uploads\/2022\/03\/duomo-firenze.jpg\",\"contentUrl\":\"https:\/\/www.aeiperego.it\/wp-content\/uploads\/2022\/03\/duomo-firenze.jpg\",\"width\":1024,\"height\":722},{\"@type\":\"WebPage\",\"@id\":\"https:\/\/www.aeiperego.it\/en\/giottos-bell-tower-florence-the-rotation-of-the-major-bell-called-campanone-a-d-2021\/\",\"url\":\"https:\/\/www.aeiperego.it\/en\/giottos-bell-tower-florence-the-rotation-of-the-major-bell-called-campanone-a-d-2021\/\",\"name\":\"GIOTTO\u2019S BELL TOWER \u2013 FLORENCE The rotation of the Major Bell called \u201cCampanone\u201d \u2013 A.D. 2021 - AEI Perego\",\"isPartOf\":{\"@id\":\"https:\/\/www.aeiperego.it\/#website\"},\"primaryImageOfPage\":{\"@id\":\"https:\/\/www.aeiperego.it\/en\/giottos-bell-tower-florence-the-rotation-of-the-major-bell-called-campanone-a-d-2021\/#primaryimage\"},\"datePublished\":\"2022-03-23T11:32:42+00:00\",\"dateModified\":\"2022-06-18T04:03:50+00:00\",\"author\":{\"@id\":\"https:\/\/www.aeiperego.it\/#\/schema\/person\/52758eb95e5a7dd77f809631477b75ca\"},\"breadcrumb\":{\"@id\":\"https:\/\/www.aeiperego.it\/en\/giottos-bell-tower-florence-the-rotation-of-the-major-bell-called-campanone-a-d-2021\/#breadcrumb\"},\"inLanguage\":\"en-US\",\"potentialAction\":[{\"@type\":\"ReadAction\",\"target\":[\"https:\/\/www.aeiperego.it\/en\/giottos-bell-tower-florence-the-rotation-of-the-major-bell-called-campanone-a-d-2021\/\"]}]},{\"@type\":\"BreadcrumbList\",\"@id\":\"https:\/\/www.aeiperego.it\/en\/giottos-bell-tower-florence-the-rotation-of-the-major-bell-called-campanone-a-d-2021\/#breadcrumb\",\"itemListElement\":[{\"@type\":\"ListItem\",\"position\":1,\"name\":\"Home\",\"item\":\"https:\/\/www.aeiperego.it\/en\/\"},{\"@type\":\"ListItem\",\"position\":2,\"name\":\"GIOTTO\u2019S BELL TOWER \u2013 FLORENCE The rotation of the Major Bell called \u201cCampanone\u201d \u2013 A.D. 2021\"}]},{\"@type\":\"Person\",\"@id\":\"https:\/\/www.aeiperego.it\/#\/schema\/person\/52758eb95e5a7dd77f809631477b75ca\",\"name\":\"gestore\",\"url\":\"https:\/\/www.aeiperego.it\/en\/author\/gestore\/\"}]}<\/script>\n<!-- \/ Yoast SEO plugin. -->","yoast_head_json":{"title":"GIOTTO\u2019S BELL TOWER \u2013 FLORENCE The rotation of the Major Bell called \u201cCampanone\u201d \u2013 A.D. 2021 - AEI Perego","robots":{"index":"index","follow":"follow","max-snippet":"max-snippet:-1","max-image-preview":"max-image-preview:large","max-video-preview":"max-video-preview:-1"},"canonical":"https:\/\/www.aeiperego.it\/en\/giottos-bell-tower-florence-the-rotation-of-the-major-bell-called-campanone-a-d-2021\/","og_locale":"en_US","og_type":"article","og_title":"GIOTTO\u2019S BELL TOWER \u2013 FLORENCE The rotation of the Major Bell called \u201cCampanone\u201d \u2013 A.D. 2021 - AEI Perego","og_description":"The bells of Giotto's bell tower in Florence will not ring from 8 to 26 November 2021 to allow the rotation of the Major Bell known as Santa Reparata or Campanone, built in 1475 in honour of the saint after whom the ancient Florentine Cathedral was named. It is one of the largest active bells [&hellip;]","og_url":"https:\/\/www.aeiperego.it\/en\/giottos-bell-tower-florence-the-rotation-of-the-major-bell-called-campanone-a-d-2021\/","og_site_name":"AEI Perego","article_published_time":"2022-03-23T11:32:42+00:00","article_modified_time":"2022-06-18T04:03:50+00:00","og_image":[{"width":1024,"height":722,"url":"https:\/\/www.aeiperego.it\/wp-content\/uploads\/2022\/03\/duomo-firenze.jpg","type":"image\/jpeg"}],"author":"gestore","twitter_card":"summary_large_image","schema":{"@context":"https:\/\/schema.org","@graph":[{"@type":"WebSite","@id":"https:\/\/www.aeiperego.it\/#website","url":"https:\/\/www.aeiperego.it\/","name":"AEI Perego","description":"","potentialAction":[{"@type":"SearchAction","target":{"@type":"EntryPoint","urlTemplate":"https:\/\/www.aeiperego.it\/?s={search_term_string}"},"query-input":"required name=search_term_string"}],"inLanguage":"en-US"},{"@type":"ImageObject","inLanguage":"en-US","@id":"https:\/\/www.aeiperego.it\/en\/giottos-bell-tower-florence-the-rotation-of-the-major-bell-called-campanone-a-d-2021\/#primaryimage","url":"https:\/\/www.aeiperego.it\/wp-content\/uploads\/2022\/03\/duomo-firenze.jpg","contentUrl":"https:\/\/www.aeiperego.it\/wp-content\/uploads\/2022\/03\/duomo-firenze.jpg","width":1024,"height":722},{"@type":"WebPage","@id":"https:\/\/www.aeiperego.it\/en\/giottos-bell-tower-florence-the-rotation-of-the-major-bell-called-campanone-a-d-2021\/","url":"https:\/\/www.aeiperego.it\/en\/giottos-bell-tower-florence-the-rotation-of-the-major-bell-called-campanone-a-d-2021\/","name":"GIOTTO\u2019S BELL TOWER \u2013 FLORENCE The rotation of the Major Bell called \u201cCampanone\u201d \u2013 A.D. 2021 - AEI Perego","isPartOf":{"@id":"https:\/\/www.aeiperego.it\/#website"},"primaryImageOfPage":{"@id":"https:\/\/www.aeiperego.it\/en\/giottos-bell-tower-florence-the-rotation-of-the-major-bell-called-campanone-a-d-2021\/#primaryimage"},"datePublished":"2022-03-23T11:32:42+00:00","dateModified":"2022-06-18T04:03:50+00:00","author":{"@id":"https:\/\/www.aeiperego.it\/#\/schema\/person\/52758eb95e5a7dd77f809631477b75ca"},"breadcrumb":{"@id":"https:\/\/www.aeiperego.it\/en\/giottos-bell-tower-florence-the-rotation-of-the-major-bell-called-campanone-a-d-2021\/#breadcrumb"},"inLanguage":"en-US","potentialAction":[{"@type":"ReadAction","target":["https:\/\/www.aeiperego.it\/en\/giottos-bell-tower-florence-the-rotation-of-the-major-bell-called-campanone-a-d-2021\/"]}]},{"@type":"BreadcrumbList","@id":"https:\/\/www.aeiperego.it\/en\/giottos-bell-tower-florence-the-rotation-of-the-major-bell-called-campanone-a-d-2021\/#breadcrumb","itemListElement":[{"@type":"ListItem","position":1,"name":"Home","item":"https:\/\/www.aeiperego.it\/en\/"},{"@type":"ListItem","position":2,"name":"GIOTTO\u2019S BELL TOWER \u2013 FLORENCE The rotation of the Major Bell called \u201cCampanone\u201d \u2013 A.D. 2021"}]},{"@type":"Person","@id":"https:\/\/www.aeiperego.it\/#\/schema\/person\/52758eb95e5a7dd77f809631477b75ca","name":"gestore","url":"https:\/\/www.aeiperego.it\/en\/author\/gestore\/"}]}},"_links":{"self":[{"href":"https:\/\/www.aeiperego.it\/en\/wp-json\/wp\/v2\/posts\/1315","targetHints":{"allow":["GET"]}}],"collection":[{"href":"https:\/\/www.aeiperego.it\/en\/wp-json\/wp\/v2\/posts"}],"about":[{"href":"https:\/\/www.aeiperego.it\/en\/wp-json\/wp\/v2\/types\/post"}],"author":[{"embeddable":true,"href":"https:\/\/www.aeiperego.it\/en\/wp-json\/wp\/v2\/users\/2"}],"replies":[{"embeddable":true,"href":"https:\/\/www.aeiperego.it\/en\/wp-json\/wp\/v2\/comments?post=1315"}],"version-history":[{"count":3,"href":"https:\/\/www.aeiperego.it\/en\/wp-json\/wp\/v2\/posts\/1315\/revisions"}],"predecessor-version":[{"id":1490,"href":"https:\/\/www.aeiperego.it\/en\/wp-json\/wp\/v2\/posts\/1315\/revisions\/1490"}],"wp:featuredmedia":[{"embeddable":true,"href":"https:\/\/www.aeiperego.it\/en\/wp-json\/wp\/v2\/media\/1218"}],"wp:attachment":[{"href":"https:\/\/www.aeiperego.it\/en\/wp-json\/wp\/v2\/media?parent=1315"}],"wp:term":[{"taxonomy":"category","embeddable":true,"href":"https:\/\/www.aeiperego.it\/en\/wp-json\/wp\/v2\/categories?post=1315"},{"taxonomy":"post_tag","embeddable":true,"href":"https:\/\/www.aeiperego.it\/en\/wp-json\/wp\/v2\/tags?post=1315"}],"curies":[{"name":"wp","href":"https:\/\/api.w.org\/{rel}","templated":true}]}}